{"id":264,"date":"2025-11-21T09:07:20","date_gmt":"2025-11-21T09:07:20","guid":{"rendered":"https:\/\/www.anitakreativstudio.hu\/?p=264"},"modified":"2026-04-29T09:11:49","modified_gmt":"2026-04-29T09:11:49","slug":"valaszthato-kepek-december","status":"publish","type":"post","link":"https:\/\/www.anitakreativstudio.hu\/?p=264","title":{"rendered":"December"},"content":{"rendered":"\n<figure class=\"wp-block-gallery has-nested-images columns-default is-cropped wp-block-gallery-1 is-layout-flex wp-block-gallery-is-layout-flex\">\n<figure class=\"wp-block-image size-large\"><img fetchpriority=\"high\" decoding=\"async\" width=\"819\" height=\"1024\" data-id=\"260\" src=\"https:\/\/www.anitakreativstudio.hu\/wp-content\/uploads\/2025\/11\/Kezdo_20251121_093535_0000-819x1024.png\" alt=\"\" class=\"wp-image-260\" srcset=\"https:\/\/www.anitakreativstudio.hu\/wp-content\/uploads\/2025\/11\/Kezdo_20251121_093535_0000-819x1024.png 819w, https:\/\/www.anitakreativstudio.hu\/wp-content\/uploads\/2025\/11\/Kezdo_20251121_093535_0000-240x300.png 240w, https:\/\/www.anitakreativstudio.hu\/wp-content\/uploads\/2025\/11\/Kezdo_20251121_093535_0000-768x960.png 768w, https:\/\/www.anitakreativstudio.hu\/wp-content\/uploads\/2025\/11\/Kezdo_20251121_093535_0000-500x625.png 500w, https:\/\/www.anitakreativstudio.hu\/wp-content\/uploads\/2025\/11\/Kezdo_20251121_093535_0000-800x1000.png 800w, https:\/\/www.anitakreativstudio.hu\/wp-content\/uploads\/2025\/11\/Kezdo_20251121_093535_0000.png 1080w\" sizes=\"(max-width: 819px) 100vw, 819px\" \/><\/figure>\n\n\n\n<figure class=\"wp-block-image size-large\"><img decoding=\"async\" width=\"819\" height=\"1024\" data-id=\"266\" src=\"https:\/\/www.anitakreativstudio.hu\/wp-content\/uploads\/2025\/11\/6_20251121_100419_0001-819x1024.png\" alt=\"\" class=\"wp-image-266\" srcset=\"https:\/\/www.anitakreativstudio.hu\/wp-content\/uploads\/2025\/11\/6_20251121_100419_0001-819x1024.png 819w, https:\/\/www.anitakreativstudio.hu\/wp-content\/uploads\/2025\/11\/6_20251121_100419_0001-240x300.png 240w, https:\/\/www.anitakreativstudio.hu\/wp-content\/uploads\/2025\/11\/6_20251121_100419_0001-768x960.png 768w, https:\/\/www.anitakreativstudio.hu\/wp-content\/uploads\/2025\/11\/6_20251121_100419_0001-500x625.png 500w, https:\/\/www.anitakreativstudio.hu\/wp-content\/uploads\/2025\/11\/6_20251121_100419_0001-800x1000.png 800w, https:\/\/www.anitakreativstudio.hu\/wp-content\/uploads\/2025\/11\/6_20251121_100419_0001.png 1080w\" sizes=\"(max-width: 819px) 100vw, 819px\" \/><\/figure>\n\n\n\n<figure class=\"wp-block-image size-large\"><img decoding=\"async\" width=\"819\" height=\"1024\" data-id=\"262\" src=\"https:\/\/www.anitakreativstudio.hu\/wp-content\/uploads\/2025\/11\/Kezdo_20251121_095547_0000-819x1024.png\" alt=\"\" class=\"wp-image-262\" srcset=\"https:\/\/www.anitakreativstudio.hu\/wp-content\/uploads\/2025\/11\/Kezdo_20251121_095547_0000-819x1024.png 819w, https:\/\/www.anitakreativstudio.hu\/wp-content\/uploads\/2025\/11\/Kezdo_20251121_095547_0000-240x300.png 240w, https:\/\/www.anitakreativstudio.hu\/wp-content\/uploads\/2025\/11\/Kezdo_20251121_095547_0000-768x960.png 768w, https:\/\/www.anitakreativstudio.hu\/wp-content\/uploads\/2025\/11\/Kezdo_20251121_095547_0000-500x625.png 500w, https:\/\/www.anitakreativstudio.hu\/wp-content\/uploads\/2025\/11\/Kezdo_20251121_095547_0000-800x1000.png 800w, https:\/\/www.anitakreativstudio.hu\/wp-content\/uploads\/2025\/11\/Kezdo_20251121_095547_0000.png 1080w\" sizes=\"(max-width: 819px) 100vw, 819px\" \/><\/figure>\n<\/figure>\n\n\n\n<p class=\"wp-block-paragraph\"><a href=\"https:\/\/pin.it\/2BQIgVud9\">Tov\u00e1bbi k\u00e9pek \u00e9s inspir\u00e1ci\u00f3k Pinterestr\u0151l.<\/a><\/p>\n\n\n\n<h1 class=\"wp-block-heading\">Decemberi \u00e9lm\u00e9nyfest\u00e9sek Zugl\u00f3ban<\/h1>\n\n\n\n<p class=\"wp-block-paragraph\">A december az \u00e9v legzs\u00fafoltabb id\u0151szaka \u2013 \u00e9pp ez\u00e9rt k\u00fcl\u00f6n\u00f6sen j\u00f3lesik meg\u00e1llni egy d\u00e9lut\u00e1nra, \u00e9s csak az alkot\u00e1sra figyelni. Az <strong>Anita Kreat\u00edv St\u00fadi\u00f3 decemberi \u00e9lm\u00e9nyfest\u00e9sei<\/strong> ezt a nyugalmat \u00e9s felt\u00f6lt\u0151d\u00e9st k\u00edn\u00e1lj\u00e1k, \u00fcnnepi hangulatban.<\/p>\n\n\n\n<p class=\"wp-block-paragraph\">Az \u00e9lm\u00e9nyfest\u00e9sek <strong>Zugl\u00f3ban<\/strong>, a XIV. \u00e9s XVI. ker\u00fclet hat\u00e1r\u00e1n zajlanak, kis l\u00e9tsz\u00e1m\u00fa, vezetett form\u00e1ban. Akkor is b\u00e1tran j\u00f6hetsz, ha m\u00e9g soha nem festett\u00e9l \u2013 minden sz\u00fcks\u00e9ges eszk\u00f6zt biztos\u00edtok.<\/p>\n\n\n\n<hr class=\"wp-block-separator has-alpha-channel-opacity\"\/>\n\n\n\n<h2 class=\"wp-block-heading\">Retro rajzfilm figur\u00e1k \u2013 j\u00e1t\u00e9kos \u00e9lm\u00e9nyfest\u00e9s<\/h2>\n\n\n\n<p class=\"wp-block-paragraph\">A retro rajzfilm figur\u00e1k t\u00e9m\u00e1ja igazi id\u0151utaz\u00e1s: nosztalgia, humor \u00e9s felszabadult alkot\u00e1s egy d\u00e9lut\u00e1nba s\u0171r\u00edtve. Ez az \u00e9lm\u00e9nyfest\u00e9s k\u00fcl\u00f6n\u00f6sen n\u00e9pszer\u0171 azok k\u00f6r\u00e9ben, akik szeretn\u00e9nek egy vid\u00e1m, karakteres k\u00e9pet festeni, \u00e9s k\u00f6zben kicsit visszacs\u00f6ppenni a gyerekkor hangulat\u00e1ba.<\/p>\n\n\n\n<p class=\"wp-block-paragraph\">A fest\u00e9s vezetett form\u00e1ban zajlik, \u00edgy akkor is \u00e9lvezetes, ha nincs fest\u00e9si tapasztalatod. Remek v\u00e1laszt\u00e1s bar\u00e1tn\u0151s programk\u00e9nt vagy aj\u00e1nd\u00e9k \u00e9lm\u00e9nynek.<\/p>\n\n\n\n<p class=\"wp-block-paragraph\"><strong>Kapcsol\u00f3d\u00f3 keres\u00e9sek:<\/strong> \u00e9lm\u00e9nyfest\u00e9s Zugl\u00f3, retro rajzfilm fest\u00e9s, kreat\u00edv program 16. ker\u00fclet<\/p>\n\n\n\n<hr class=\"wp-block-separator has-alpha-channel-opacity\"\/>\n\n\n\n<h2 class=\"wp-block-heading\">Kar\u00e1csonyi t\u00e9m\u00e1j\u00fa \u00e9lm\u00e9nyfest\u00e9s \u2013 \u00fcnnepi kikapcsol\u00f3d\u00e1s<\/h2>\n\n\n\n<p class=\"wp-block-paragraph\">A kar\u00e1csonyi t\u00e9m\u00e1j\u00fa \u00e9lm\u00e9nyfest\u00e9sek meleg, \u00fcnnepi hangulatot teremtenek: f\u00e9nyek, sz\u00ednek \u00e9s lassul\u00e1s a rohan\u00e1s k\u00f6zep\u00e9n. Ezek a k\u00e9pek t\u00f6k\u00e9letesen illenek az adventi id\u0151szakhoz, ak\u00e1r otthoni dekor\u00e1ci\u00f3k\u00e9nt, ak\u00e1r aj\u00e1nd\u00e9kk\u00e9nt.<\/p>\n\n\n\n<p class=\"wp-block-paragraph\">Az \u00e9lm\u00e9nyfest\u00e9s sor\u00e1n nem a t\u00f6k\u00e9letess\u00e9g a c\u00e9l, hanem az \u00e9lm\u00e9ny \u00e9s az alkot\u00e1s \u00f6r\u00f6me. Sok vend\u00e9g v\u00e1lasztja ezt a programot decemberben stresszold\u00e1sra \u00e9s felt\u00f6lt\u0151d\u00e9sre.<\/p>\n\n\n\n<p class=\"wp-block-paragraph\"><strong>Kapcsol\u00f3d\u00f3 keres\u00e9sek:<\/strong> kar\u00e1csonyi \u00e9lm\u00e9nyfest\u00e9s, kreat\u00edv kar\u00e1csonyi program Budapest, \u00e9lm\u00e9nyfest\u00e9s Zugl\u00f3 december<\/p>\n\n\n\n<hr class=\"wp-block-separator has-alpha-channel-opacity\"\/>\n\n\n\n<h2 class=\"wp-block-heading\">Mikul\u00e1svir\u00e1g \u2013 eleg\u00e1ns, \u00fcnnepi \u00e9lm\u00e9nyfest\u00e9s<\/h2>\n\n\n\n<p class=\"wp-block-paragraph\">A mikul\u00e1svir\u00e1g t\u00e9m\u00e1j\u00fa festm\u00e9ny letisztult, eleg\u00e1ns \u00e9s igaz\u00e1n \u00fcnnepi. Ez az \u00e9lm\u00e9nyfest\u00e9s azoknak sz\u00f3l, akik szeretik a term\u00e9szetes mot\u00edvumokat, \u00e9s egy harmonikus, dekorat\u00edv k\u00e9pet szeretn\u00e9nek festeni kar\u00e1csony el\u0151tt.<\/p>\n\n\n\n<p class=\"wp-block-paragraph\">A fest\u00e9s nyugodt temp\u00f3ban zajlik, vezetett form\u00e1ban, \u00edgy kezd\u0151k sz\u00e1m\u00e1ra is siker\u00e9lm\u00e9nyt ny\u00fajt. Ide\u00e1lis v\u00e1laszt\u00e1s \u00e9nid\u0151h\u00f6z vagy aj\u00e1nd\u00e9k \u00e9lm\u00e9nynek.<\/p>\n\n\n\n<p class=\"wp-block-paragraph\"><strong>Kapcsol\u00f3d\u00f3 keres\u00e9sek:<\/strong> mikul\u00e1svir\u00e1g fest\u00e9s, \u00e9lm\u00e9nyfest\u00e9s n\u0151knek Budapest, kreat\u00edv kar\u00e1csonyi program Zugl\u00f3<\/p>\n\n\n\n<hr class=\"wp-block-separator has-alpha-channel-opacity\"\/>\n\n\n\n<h2 class=\"wp-block-heading\">Hol zajlanak a decemberi \u00e9lm\u00e9nyfest\u00e9sek?<\/h2>\n\n\n\n<p class=\"wp-block-paragraph\">Az \u00e9lm\u00e9nyfest\u00e9sek <strong>Zugl\u00f3ban<\/strong>, a XIV. \u00e9s XVI. ker\u00fclet k\u00f6zel\u00e9ben \u00e9rhet\u0151k el. A st\u00fadi\u00f3 bar\u00e1ts\u00e1gos, nyugodt k\u00f6rnyezetet biztos\u00edt, ahol minden adott az alkot\u00e1shoz.<\/p>\n\n\n\n<p class=\"wp-block-paragraph\">&#x1f3a8; T\u00f6bb mint 20 v\u00e1laszthat\u00f3 festm\u00e9ny<br>&#x1f58c;&#xfe0f; Fest\u0151i el\u0151k\u00e9pzetts\u00e9g nem sz\u00fcks\u00e9ges<br>&#x1f381; Aj\u00e1nd\u00e9kutalv\u00e1ny decemberben is el\u00e9rhet\u0151<\/p>\n","protected":false},"excerpt":{"rendered":"<p>Tov\u00e1bbi k\u00e9pek \u00e9s inspir\u00e1ci\u00f3k Pinterestr\u0151l. Decemberi \u00e9lm\u00e9nyfest\u00e9sek Zugl\u00f3ban A december az \u00e9v legzs\u00fafoltabb id\u0151szaka \u2013 \u00e9pp ez\u00e9rt k\u00fcl\u00f6n\u00f6sen j\u00f3lesik meg\u00e1llni [&hellip;]<\/p>\n","protected":false},"author":1,"featured_media":0,"comment_status":"open","ping_status":"closed","sticky":false,"template":"","format":"standard","meta":{"site-sidebar-layout":"default","site-content-layout":"","ast-site-content-layout":"default","site-content-style":"default","site-sidebar-style":"default","ast-global-header-display":"","ast-banner-title-visibility":"","ast-main-header-display":"","ast-hfb-above-header-display":"","ast-hfb-below-header-display":"","ast-hfb-mobile-header-display":"","site-post-title":"disabled","ast-breadcrumbs-content":"","ast-featured-img":"","footer-sml-layout":"","ast-disable-related-posts":"","theme-transparent-header-meta":"","adv-header-id-meta":"","stick-header-meta":"","header-above-stick-meta":"","header-main-stick-meta":"","header-below-stick-meta":"","astra-migrate-meta-layouts":"default","ast-page-background-enabled":"default","ast-page-background-meta":{"desktop":{"background-color":"var(--ast-global-color-5)","background-image":"","background-repeat":"repeat","background-position":"center center","background-size":"auto","background-attachment":"scroll","background-type":"","background-media":"","overlay-type":"","overlay-color":"","overlay-opacity":"","overlay-gradient":""},"tablet":{"background-color":"","background-image":"","background-repeat":"repeat","background-position":"center center","background-size":"auto","background-attachment":"scroll","background-type":"","background-media":"","overlay-type":"","overlay-color":"","overlay-opacity":"","overlay-gradient":""},"mobile":{"background-color":"","background-image":"","background-repeat":"repeat","background-position":"center center","background-size":"auto","background-attachment":"scroll","background-type":"","background-media":"","overlay-type":"","overlay-color":"","overlay-opacity":"","overlay-gradient":""}},"ast-content-background-meta":{"desktop":{"background-color":"var(--ast-global-color-4)","background-image":"","background-repeat":"repeat","background-position":"center center","background-size":"auto","background-attachment":"scroll","background-type":"","background-media":"","overlay-type":"","overlay-color":"","overlay-opacity":"","overlay-gradient":""},"tablet":{"background-color":"var(--ast-global-color-4)","background-image":"","background-repeat":"repeat","background-position":"center center","background-size":"auto","background-attachment":"scroll","background-type":"","background-media":"","overlay-type":"","overlay-color":"","overlay-opacity":"","overlay-gradient":""},"mobile":{"background-color":"var(--ast-global-color-4)","background-image":"","background-repeat":"repeat","background-position":"center center","background-size":"auto","background-attachment":"scroll","background-type":"","background-media":"","overlay-type":"","overlay-color":"","overlay-opacity":"","overlay-gradient":""}},"footnotes":""},"categories":[5,1],"tags":[],"class_list":["post-264","post","type-post","status-publish","format-standard","hentry","category-ajanlott-kepek-elmenyfestes","category-uncategorized"],"_links":{"self":[{"href":"https:\/\/www.anitakreativstudio.hu\/index.php?rest_route=\/wp\/v2\/posts\/264","targetHints":{"allow":["GET"]}}],"collection":[{"href":"https:\/\/www.anitakreativstudio.hu\/index.php?rest_route=\/wp\/v2\/posts"}],"about":[{"href":"https:\/\/www.anitakreativstudio.hu\/index.php?rest_route=\/wp\/v2\/types\/post"}],"author":[{"embeddable":true,"href":"https:\/\/www.anitakreativstudio.hu\/index.php?rest_route=\/wp\/v2\/users\/1"}],"replies":[{"embeddable":true,"href":"https:\/\/www.anitakreativstudio.hu\/index.php?rest_route=%2Fwp%2Fv2%2Fcomments&post=264"}],"version-history":[{"count":6,"href":"https:\/\/www.anitakreativstudio.hu\/index.php?rest_route=\/wp\/v2\/posts\/264\/revisions"}],"predecessor-version":[{"id":518,"href":"https:\/\/www.anitakreativstudio.hu\/index.php?rest_route=\/wp\/v2\/posts\/264\/revisions\/518"}],"wp:attachment":[{"href":"https:\/\/www.anitakreativstudio.hu\/index.php?rest_route=%2Fwp%2Fv2%2Fmedia&parent=264"}],"wp:term":[{"taxonomy":"category","embeddable":true,"href":"https:\/\/www.anitakreativstudio.hu\/index.php?rest_route=%2Fwp%2Fv2%2Fcategories&post=264"},{"taxonomy":"post_tag","embeddable":true,"href":"https:\/\/www.anitakreativstudio.hu\/index.php?rest_route=%2Fwp%2Fv2%2Ftags&post=264"}],"curies":[{"name":"wp","href":"https:\/\/api.w.org\/{rel}","templated":true}]}}