{"id":270,"date":"2025-11-29T17:44:17","date_gmt":"2025-11-29T17:44:17","guid":{"rendered":"https:\/\/www.anitakreativstudio.hu\/?p=270"},"modified":"2025-12-09T13:15:02","modified_gmt":"2025-12-09T13:15:02","slug":"5-egyedi-karacsonyi-ajandekotlet-amit-elmenyben-adhatsz-vagy-akar-te-magad-keszithetsz","status":"publish","type":"post","link":"https:\/\/www.anitakreativstudio.hu\/?p=270","title":{"rendered":"5 egyedi kar\u00e1csonyi aj\u00e1nd\u00e9k\u00f6tlet, amit \u00e9lm\u00e9nyben adhatsz \u2013 vagy ak\u00e1r te magad k\u00e9sz\u00edthetsz"},"content":{"rendered":"\n<p class=\"wp-block-paragraph\">Ahogy k\u00f6zelednek az \u00fcnnepek, minden \u00e9vben el\u0151j\u00f6n ugyanaz a k\u00e9rd\u00e9s: <strong>\u201eMit adjak kar\u00e1csonyra?\u201d<\/strong><br>Valami olyat szeretn\u00e9l, ami szem\u00e9lyes, eml\u00e9kezetes, nem sablonos\u2026 de nem szeretn\u00e9l \u00f3r\u00e1kat bolyongani a boltokban? Nyugi, teljesen \u00e9rthet\u0151. Egyre t\u00f6bben keres\u00fcnk olyan <strong>egyedi kar\u00e1csonyi aj\u00e1nd\u00e9kot<\/strong>, ami nemcsak \u201esz\u00e9p\u201d, hanem \u00e9lm\u00e9nyt, figyelmet \u00e9s egy\u00fctt t\u00f6lt\u00f6tt id\u0151t is ad.<\/p>\n\n\n\n<p class=\"wp-block-paragraph\">\u00d6sszegy\u0171jt\u00f6ttem neked 5 olyan aj\u00e1nd\u00e9k\u00f6tletet, amelyet ak\u00e1r te k\u00e9sz\u00edthetsz, ak\u00e1r \u00e9lm\u00e9ny form\u00e1j\u00e1ban adhatsz \u2014 \u00e9s b\u00e1rmelyik garant\u00e1ltan nagy mosolyt csal a fa alatt.<br>(\u00c9s igen\u2026 van k\u00f6zt\u00fck last minute megold\u00e1s is! )<\/p>\n\n\n\n<h2 class=\"wp-block-heading\">1. K\u00e9zzel k\u00e9sz\u00fclt, szem\u00e9lyes festm\u00e9ny vagy apr\u00f3 dekor<\/h2>\n\n\n\n<p class=\"wp-block-paragraph\">A k\u00e9zzel k\u00e9sz\u00fclt aj\u00e1nd\u00e9kokban van valami var\u00e1zslat \u2014 id\u0151t, figyelmet, szeretetet visz\u00fcnk bele.<br>Nem kell profi m\u0171v\u00e9sznek lenned, hogy valami sz\u00e9pet alkoss:<\/p>\n\n\n\n<ul class=\"wp-block-list\">\n<li>mini v\u00e1szon kar\u00e1csonyi mot\u00edvummal<\/li>\n\n\n\n<li>k\u00e9zzel festett d\u00edsz<\/li>\n\n\n\n<li>saj\u00e1t bor\u00edt\u00f3j\u00fa k\u00e9peslap<\/li>\n\n\n\n<li>apr\u00f3 akrilfestm\u00e9ny kedvenc id\u00e9zettel<\/li>\n<\/ul>\n\n\n\n<p class=\"wp-block-paragraph\">Egy ilyen <strong>k\u00e9zzel k\u00e9sz\u00fclt aj\u00e1nd\u00e9k<\/strong> mindig k\u00fcl\u00f6nlegesebb, mint b\u00e1rmelyik boltban kaphat\u00f3 term\u00e9k. A megaj\u00e1nd\u00e9kozott pedig azt fogja \u00e9rezni, hogy t\u00e9nyleg \u00e9rte k\u00e9sz\u00fclt.<\/p>\n\n\n\n<p class=\"has-medium-font-size wp-block-paragraph\"><a href=\"https:\/\/www.anitakreativstudio.hu\/?page_id=79\">Foglalj id\u0151pontot<\/a> vagy k\u00f6vess be a <a href=\"https:\/\/www.facebook.com\/diyartyme\">Facebookon<\/a>, <a href=\"https:\/\/www.instagram.com\/anita_kreativ_elmenyfestes\/\">Instagramon <\/a>vagy a <a href=\"https:\/\/www.tiktok.com\/@anita.elmenyfestes\">Tik-Tokon<\/a> tov\u00e1bbi tartalmak\u00e9rt!<\/p>\n\n\n\n<h2 class=\"wp-block-heading\">2. \u00c9lm\u00e9nyfest\u00e9s aj\u00e1nd\u00e9kba \u2013 a legszem\u00e9lyesebb \u00e9lm\u00e9ny aj\u00e1nd\u00e9k<\/h2>\n\n\n\n<p class=\"wp-block-paragraph\">Ha szeretn\u00e9l igaz\u00e1n eml\u00e9kezetes \u00e9s kreat\u00edv aj\u00e1nd\u00e9kot adni, az <strong>\u00e9lm\u00e9nyfest\u00e9s aj\u00e1nd\u00e9kba<\/strong> t\u00f6k\u00e9letes v\u00e1laszt\u00e1s. <br>Ez nem csak egy program \u2014 ez egy teljes kikapcsol\u00f3d\u00e1s, egy p\u00e1r \u00f3r\u00e1s flow-\u00e9lm\u00e9ny, ahol b\u00e1rki elk\u00e9sz\u00edthet egy saj\u00e1t festm\u00e9nyt, teljes t\u00e1mogat\u00e1ssal.<\/p>\n\n\n\n<p class=\"wp-block-paragraph\">Mi\u00e9rt im\u00e1dj\u00e1k?<\/p>\n\n\n\n<ul class=\"wp-block-list\">\n<li>kreat\u00edv, nyugtat\u00f3, felt\u00f6lt<\/li>\n\n\n\n<li>siker\u00e9lm\u00e9nyt ad m\u00e9g azoknak is, akik azt hiszik magukr\u00f3l: \u201e\u00e9n nem tudok rajzolni\u201d<\/li>\n\n\n\n<li>egyedi festm\u00e9nyt hoznak haza<\/li>\n\n\n\n<li>p\u00e1roknak, bar\u00e1toknak, anyuk\u00e1knak szuper meglepet\u00e9s<\/li>\n<\/ul>\n\n\n\n<p class=\"wp-block-paragraph\">Az \u00e9lm\u00e9nyfest\u00e9s mint <strong>\u00e9lm\u00e9ny aj\u00e1nd\u00e9k<\/strong> decemberben k\u00fcl\u00f6n\u00f6sen n\u00e9pszer\u0171 \u2014 mert \u00e9lm\u00e9nyt adni ma sokkal \u00e9rt\u00e9kesebb, mint egy \u00fajabb t\u00e1rgyat. Ha van ismer\u0151s\u00f6d, aki a XIV. vagy a XVI. ker\u00fcletben lakik, az \u00d6rs Vez\u00e9r t\u00e9r, a Bosny\u00e1k t\u00e9r vagy Sashalom k\u00f6zel\u00e9ben sz\u00edvesen elmenne egy m\u0171v\u00e9szeti programra, ne habozz!<\/p>\n\n\n\n<p class=\"wp-block-paragraph\"><a href=\"https:\/\/www.anitakreativstudio.hu\/?page_id=79\">Foglalj id\u0151pontot<\/a> vagy k\u00e9rj aj\u00e1nd\u00e9k kupont az info@anitakreativstudio.hu c\u00edmen! Tov\u00e1bb\u00e1 k\u00f6vess be a <a href=\"https:\/\/www.facebook.com\/diyartyme\">Facebookon<\/a>, <a href=\"https:\/\/www.instagram.com\/anita_kreativ_elmenyfestes\/\">Instagramon <\/a>vagy a <a href=\"https:\/\/www.tiktok.com\/@anita.elmenyfestes\">Tik-Tokon<\/a> tov\u00e1bbi tartalmak\u00e9rt!<\/p>\n\n\n\n<h2 class=\"wp-block-heading\">3. Kar\u00e1csonyi aj\u00e1nd\u00e9kk\u00e1rtya \u2013 ha szeretn\u00e9l valami sz\u00e9pet adni, az \u0151 idej\u00e9hez igaz\u00edtva<\/h2>\n\n\n\n<p class=\"wp-block-paragraph\">Az <strong>aj\u00e1nd\u00e9kk\u00e1rtya<\/strong> az egyik legjobb aj\u00e1nd\u00e9k, ha szeretn\u00e9l valami egyedit adni, de nem szeretn\u00e9d te eld\u00f6nteni, hogy a m\u00e1sik mikor j\u00f6jj\u00f6n workshopra vagy melyik k\u00e9pet v\u00e1lassza.<\/p>\n\n\n\n<ul class=\"wp-block-list\">\n<li>rugalmas<\/li>\n\n\n\n<li>biztons\u00e1gos v\u00e1laszt\u00e1s<\/li>\n\n\n\n<li>ig\u00e9nyesen \u00e1tadhat\u00f3 bor\u00edt\u00e9kban<\/li>\n\n\n\n<li>ak\u00e1r digit\u00e1lisan is elk\u00fcldheted: last minute megment\u0151!<\/li>\n<\/ul>\n\n\n\n<p class=\"wp-block-paragraph\">Ha valaki sokat dolgozik, kev\u00e9s ideje van, vagy egyszer\u0171en csak szeretn\u00e9d, hogy \u0151 maga v\u00e1lassza ki, mit fest \u2014 ez szuper opci\u00f3.<\/p>\n\n\n\n<p class=\"wp-block-paragraph\">K\u00e9rj aj\u00e1nd\u00e9kk\u00e1rty\u00e1t az info@anitakreativstudio.hu c\u00edmen vagy k\u00f6vess be a <a href=\"https:\/\/www.facebook.com\/diyartyme\">Facebookon<\/a>, <a href=\"https:\/\/www.instagram.com\/anita_kreativ_elmenyfestes\/\">Instagramon <\/a>vagy a <a href=\"https:\/\/www.tiktok.com\/@anita.elmenyfestes\">Tik-Tokon<\/a> tov\u00e1bbi tartalmak\u00e9rt!<\/p>\n\n\n\n<h2 class=\"wp-block-heading\">4. Utols\u00f3 pillanatos kar\u00e1csonyi kupon \u2013 az \u00fcnnepek h\u0151se<\/h2>\n\n\n\n<p class=\"wp-block-paragraph\">Ismered azt az \u00e9rz\u00e9st, amikor december 23-\u00e1n m\u00e1r minden z\u00e1rva, vagy egyszer\u0171en nincs t\u00f6bb id\u0151d aj\u00e1nd\u00e9k\u00e9rt rohang\u00e1lni?<br>Na, ilyenkor j\u00f6n a <strong>kar\u00e1csonyi kupon<\/strong>, ami:<\/p>\n\n\n\n<ul class=\"wp-block-list\">\n<li>let\u00f6lthet\u0151 PDF<\/li>\n\n\n\n<li>azonnal k\u00fcldhet\u0151<\/li>\n\n\n\n<li>megmenti a helyzetet<\/li>\n\n\n\n<li>\u00e9s m\u00e9gis szem\u00e9lyes, hiszen \u00e9lm\u00e9nyt ad<\/li>\n<\/ul>\n\n\n\n<p class=\"wp-block-paragraph\">Ez az \u201eutols\u00f3 pillanatos aj\u00e1nd\u00e9k\u201d, ami m\u00e9gis gondoskod\u00f3, figyelmes \u00e9s kreat\u00edv \u2014 nem l\u00e1tszik rajta, hogy az utols\u00f3 \u00f3r\u00e1ban k\u00e9sz\u00fclt. <\/p>\n\n\n\n<h2 class=\"wp-block-heading\">5. Kar\u00e1csonyi workshop \u2013 k\u00f6z\u00f6s \u00e9lm\u00e9ny, nem csak aj\u00e1nd\u00e9k<\/h2>\n\n\n\n<p class=\"wp-block-paragraph\">A k\u00f6z\u00f6s programok mindig er\u0151s\u00edtik a kapcsolatot.<br>Egy <strong>kar\u00e1csonyi workshop<\/strong> bar\u00e1tokkal, p\u00e1roddal, gyermekeddel olyan \u00e9lm\u00e9ny, amit soha nem felejt el senki:<\/p>\n\n\n\n<ul class=\"wp-block-list\">\n<li>egy\u00fctt alkottok<\/li>\n\n\n\n<li>tele van \u00fcnnepi hangulattal<\/li>\n\n\n\n<li>mindenki hazavisz egy saj\u00e1t k\u00e9sz\u00edt\u00e9s\u0171 m\u0171vet<\/li>\n\n\n\n<li>a folyamat is \u00e9lm\u00e9ny, nem csak a v\u00e9geredm\u00e9ny<\/li>\n<\/ul>\n\n\n\n<p class=\"wp-block-paragraph\">Ez k\u00fcl\u00f6n\u00f6sen j\u00f3 aj\u00e1nd\u00e9k <strong>sz\u00fcl\u0151\u2013gyerek p\u00e1rosoknak<\/strong>, p\u00e1roknak vagy olyan bar\u00e1toknak, akik ink\u00e1bb a k\u00f6z\u00f6s id\u0151t \u00e9rt\u00e9kelik, mint a t\u00e1rgyakat.<\/p>\n\n\n\n<p class=\"wp-block-paragraph\"><a href=\"https:\/\/www.anitakreativstudio.hu\/?page_id=79\">Foglalj id\u0151pontot<\/a> vagy k\u00f6vess be a <a href=\"https:\/\/www.facebook.com\/diyartyme\">Facebookon<\/a>, <a href=\"https:\/\/www.instagram.com\/anita_kreativ_elmenyfestes\/\">Instagramon <\/a>vagy a <a href=\"https:\/\/www.tiktok.com\/@anita.elmenyfestes\">Tik-Tokon<\/a> tov\u00e1bbi tartalmak\u00e9rt!<\/p>\n","protected":false},"excerpt":{"rendered":"<p>Ahogy k\u00f6zelednek az \u00fcnnepek, minden \u00e9vben el\u0151j\u00f6n ugyanaz a k\u00e9rd\u00e9s: \u201eMit adjak kar\u00e1csonyra?\u201dValami olyat szeretn\u00e9l, ami szem\u00e9lyes, eml\u00e9kezetes, nem sablonos\u2026 [&hellip;]<\/p>\n","protected":false},"author":1,"featured_media":0,"comment_status":"open","ping_status":"closed","sticky":false,"template":"","format":"standard","meta":{"site-sidebar-layout":"default","site-content-layout":"","ast-site-content-layout":"default","site-content-style":"default","site-sidebar-style":"default","ast-global-header-display":"","ast-banner-title-visibility":"","ast-main-header-display":"","ast-hfb-above-header-display":"","ast-hfb-below-header-display":"","ast-hfb-mobile-header-display":"","site-post-title":"disabled","ast-breadcrumbs-content":"","ast-featured-img":"","footer-sml-layout":"","ast-disable-related-posts":"","theme-transparent-header-meta":"","adv-header-id-meta":"","stick-header-meta":"","header-above-stick-meta":"","header-main-stick-meta":"","header-below-stick-meta":"","astra-migrate-meta-layouts":"default","ast-page-background-enabled":"default","ast-page-background-meta":{"desktop":{"background-color":"var(--ast-global-color-5)","background-image":"","background-repeat":"repeat","background-position":"center center","background-size":"auto","background-attachment":"scroll","background-type":"","background-media":"","overlay-type":"","overlay-color":"","overlay-opacity":"","overlay-gradient":""},"tablet":{"background-color":"","background-image":"","background-repeat":"repeat","background-position":"center center","background-size":"auto","background-attachment":"scroll","background-type":"","background-media":"","overlay-type":"","overlay-color":"","overlay-opacity":"","overlay-gradient":""},"mobile":{"background-color":"","background-image":"","background-repeat":"repeat","background-position":"center center","background-size":"auto","background-attachment":"scroll","background-type":"","background-media":"","overlay-type":"","overlay-color":"","overlay-opacity":"","overlay-gradient":""}},"ast-content-background-meta":{"desktop":{"background-color":"var(--ast-global-color-4)","background-image":"","background-repeat":"repeat","background-position":"center center","background-size":"auto","background-attachment":"scroll","background-type":"","background-media":"","overlay-type":"","overlay-color":"","overlay-opacity":"","overlay-gradient":""},"tablet":{"background-color":"var(--ast-global-color-4)","background-image":"","background-repeat":"repeat","background-position":"center center","background-size":"auto","background-attachment":"scroll","background-type":"","background-media":"","overlay-type":"","overlay-color":"","overlay-opacity":"","overlay-gradient":""},"mobile":{"background-color":"var(--ast-global-color-4)","background-image":"","background-repeat":"repeat","background-position":"center center","background-size":"auto","background-attachment":"scroll","background-type":"","background-media":"","overlay-type":"","overlay-color":"","overlay-opacity":"","overlay-gradient":""}},"footnotes":""},"categories":[1],"tags":[],"class_list":["post-270","post","type-post","status-publish","format-standard","hentry","category-uncategorized"],"_links":{"self":[{"href":"https:\/\/www.anitakreativstudio.hu\/index.php?rest_route=\/wp\/v2\/posts\/270","targetHints":{"allow":["GET"]}}],"collection":[{"href":"https:\/\/www.anitakreativstudio.hu\/index.php?rest_route=\/wp\/v2\/posts"}],"about":[{"href":"https:\/\/www.anitakreativstudio.hu\/index.php?rest_route=\/wp\/v2\/types\/post"}],"author":[{"embeddable":true,"href":"https:\/\/www.anitakreativstudio.hu\/index.php?rest_route=\/wp\/v2\/users\/1"}],"replies":[{"embeddable":true,"href":"https:\/\/www.anitakreativstudio.hu\/index.php?rest_route=%2Fwp%2Fv2%2Fcomments&post=270"}],"version-history":[{"count":5,"href":"https:\/\/www.anitakreativstudio.hu\/index.php?rest_route=\/wp\/v2\/posts\/270\/revisions"}],"predecessor-version":[{"id":315,"href":"https:\/\/www.anitakreativstudio.hu\/index.php?rest_route=\/wp\/v2\/posts\/270\/revisions\/315"}],"wp:attachment":[{"href":"https:\/\/www.anitakreativstudio.hu\/index.php?rest_route=%2Fwp%2Fv2%2Fmedia&parent=270"}],"wp:term":[{"taxonomy":"category","embeddable":true,"href":"https:\/\/www.anitakreativstudio.hu\/index.php?rest_route=%2Fwp%2Fv2%2Fcategories&post=270"},{"taxonomy":"post_tag","embeddable":true,"href":"https:\/\/www.anitakreativstudio.hu\/index.php?rest_route=%2Fwp%2Fv2%2Ftags&post=270"}],"curies":[{"name":"wp","href":"https:\/\/api.w.org\/{rel}","templated":true}]}}