{"id":333,"date":"2025-12-29T08:43:28","date_gmt":"2025-12-29T08:43:28","guid":{"rendered":"https:\/\/www.anitakreativstudio.hu\/?p=333"},"modified":"2026-02-25T14:39:50","modified_gmt":"2026-02-25T14:39:50","slug":"elmenyfestes-zugloban","status":"publish","type":"post","link":"https:\/\/www.anitakreativstudio.hu\/?p=333","title":{"rendered":"\u00c9lm\u00e9nyfest\u00e9s Zugl\u00f3ban"},"content":{"rendered":"\n<h2 class=\"wp-block-heading\">Amikor nem sablonk\u00e9pet festesz<\/h2>\n\n\n\n<p class=\"wp-block-paragraph\">Az \u00e9lm\u00e9nyfest\u00e9s sokak sz\u00e1m\u00e1ra m\u00e9g mindig egyenl\u0151 a l\u00e9p\u00e9sr\u0151l l\u00e9p\u00e9sre lem\u00e1solt mintak\u00e9pekkel. Az <strong>Anita Kreat\u00edv St\u00fadi\u00f3ban<\/strong> eg\u00e9szen m\u00e1s szeml\u00e9lettel dolgozunk. Itt a fest\u00e9s val\u00f3ban r\u00f3lad sz\u00f3l: az elk\u00e9pzel\u00e9seidr\u0151l, az egy\u00e9ni temp\u00f3dr\u00f3l \u00e9s arr\u00f3l, hogy olyan k\u00e9pet vigy\u00e9l haza, amihez szem\u00e9lyes k\u00f6t\u0151d\u00e9sed van.<\/p>\n\n\n\n<p class=\"wp-block-paragraph\">Ez a megk\u00f6zel\u00edt\u00e9s k\u00fcl\u00f6n\u00f6sen azoknak ide\u00e1lis, akik szeretn\u00e9nek alkotni, de nem \u00e9rzik magukat \u201eklasszikusan tehets\u00e9gesnek\u201d, vagy \u00e9pp ellenkez\u0151leg: m\u00e1r festettek kor\u00e1bban, \u00e9s most szabadabban k\u00eds\u00e9rletezn\u00e9nek.<\/p>\n\n\n\n<h2 class=\"wp-block-heading\">Aj\u00e1nlott k\u00e9pek \u2013 biztos kiindul\u00f3pont<\/h2>\n\n\n\n<p class=\"wp-block-paragraph\">Minden h\u00f3napban t\u00f6bb, gondosan \u00f6sszev\u00e1logatott <strong>aj\u00e1nlott t\u00e9ma \u00e9s k\u00e9p<\/strong> k\u00f6z\u00fcl lehet v\u00e1lasztani. Ezek \u00fagy vannak kialak\u00edtva, hogy:<\/p>\n\n\n\n<ul class=\"wp-block-list\">\n<li>kezd\u0151k sz\u00e1m\u00e1ra is biztons\u00e1gosak legyenek,<\/li>\n\n\n\n<li>m\u00e9gis teret adjanak az egy\u00e9ni megold\u00e1soknak,<\/li>\n\n\n\n<li>k\u00fcl\u00f6nb\u00f6z\u0151 hangulatokat \u00e9s st\u00edlusokat k\u00e9pviseljenek.<\/li>\n<\/ul>\n\n\n\n<p class=\"wp-block-paragraph\">Az aj\u00e1nlott k\u00e9pek j\u00f3 kapaszkod\u00f3t adnak, de <strong>nem k\u00f6telez\u0151 ragaszkodni hozz\u00e1juk<\/strong> \u2013 a fest\u00e9s sor\u00e1n minden vend\u00e9g a saj\u00e1t k\u00e9p\u00e9vel foglalkozik, szem\u00e9lyre szabott instrukci\u00f3k ment\u00e9n.<\/p>\n\n\n\n<h2 class=\"wp-block-heading\">Egyedi k\u00e9p Pinterest alapj\u00e1n \u2013 ha m\u00e1st k\u00e9pzelt\u00e9l el<\/h2>\n\n\n\n<p class=\"wp-block-paragraph\">Ha m\u00e1r van egy konkr\u00e9t elk\u00e9pzel\u00e9sed, vagy tal\u00e1lt\u00e1l egy inspir\u00e1l\u00f3 k\u00e9pet a Pinteresten, azt is nyugodtan hozhatod. Legyen sz\u00f3:<\/p>\n\n\n\n<ul class=\"wp-block-list\">\n<li>hangulatos t\u00e1jk\u00e9pr\u0151l,<\/li>\n\n\n\n<li>letisztult vir\u00e1gos mot\u00edvumr\u00f3l,<\/li>\n\n\n\n<li>k\u00fcl\u00f6nleges sz\u00ednvil\u00e1g\u00fa illusztr\u00e1ci\u00f3r\u00f3l,<\/li>\n<\/ul>\n\n\n\n<p class=\"wp-block-paragraph\">k\u00f6z\u00f6sen megn\u00e9zz\u00fck, hogyan lehet azt <strong>festhet\u0151v\u00e9, \u00e9lvezhet\u0151v\u00e9 \u00e9s siker\u00e9lm\u00e9nny\u00e9 alak\u00edtani<\/strong>. A c\u00e9l nem a t\u00f6k\u00e9letes m\u00e1solat, hanem az, hogy a k\u00e9p a te st\u00edlusodban sz\u00fclessen meg.<\/p>\n\n\n\n<h2 class=\"wp-block-heading\">Saj\u00e1t kis\u00e1llat megfest\u00e9se \u2013 szem\u00e9lyes \u00e9lm\u00e9ny v\u00e1sznon<\/h2>\n\n\n\n<p class=\"wp-block-paragraph\">Az egyik legn\u00e9pszer\u0171bb lehet\u0151s\u00e9g a <strong>saj\u00e1t kis\u00e1llat megfest\u00e9se<\/strong>. Kutya, macska vagy m\u00e1s kedvenc \u2013 egy j\u00f3l megv\u00e1lasztott fot\u00f3 alapj\u00e1n olyan eml\u00e9ket k\u00e9sz\u00edthetsz, ami val\u00f3ban p\u00f3tolhatatlan.<\/p>\n\n\n\n<p class=\"wp-block-paragraph\">A fest\u00e9s sor\u00e1n:<\/p>\n\n\n\n<ul class=\"wp-block-list\">\n<li>seg\u00edtek leegyszer\u0171s\u00edteni a form\u00e1kat,<\/li>\n\n\n\n<li>megmutatom, mire \u00e9rdemes f\u00f3kusz\u00e1lni,<\/li>\n\n\n\n<li>\u00e9s v\u00e9gig a te k\u00e9ped alakul\u00e1s\u00e1hoz igaz\u00edtom az instrukci\u00f3kat.<\/li>\n<\/ul>\n\n\n\n<p class=\"wp-block-paragraph\">Ez akkor is m\u0171k\u00f6dik, ha m\u00e9g soha nem festett\u00e9l.<\/p>\n\n\n\n<h2 class=\"wp-block-heading\">R\u00e9gebbi festm\u00e9ny jav\u00edt\u00e1sa \u2013 nem kell el\u00f6lr\u0151l kezdeni<\/h2>\n\n\n\n<p class=\"wp-block-paragraph\">Van egy r\u00e9gi k\u00e9ped, amivel sosem volt\u00e1l el\u00e9gedett? J\u00f3 az alap, de hi\u00e1nyzik bel\u0151le valami? Az \u00e9lm\u00e9nyfest\u00e9sre <strong>r\u00e9gebbi saj\u00e1t festm\u00e9nyt is elhozhatsz<\/strong>, \u00e9s k\u00f6z\u00f6sen dolgozunk rajta tov\u00e1bb.<\/p>\n\n\n\n<p class=\"wp-block-paragraph\">Ez lehet:<\/p>\n\n\n\n<ul class=\"wp-block-list\">\n<li>sz\u00ednek jav\u00edt\u00e1sa,<\/li>\n\n\n\n<li>ar\u00e1nyok finom\u00edt\u00e1sa,<\/li>\n\n\n\n<li>h\u00e1tt\u00e9r \u00fajragondol\u00e1sa,<\/li>\n\n\n\n<li>vagy ak\u00e1r egy teljes hangulatv\u00e1lt\u00e1s.<\/li>\n<\/ul>\n\n\n\n<p class=\"wp-block-paragraph\">Sokszor m\u00e1r n\u00e9h\u00e1ny apr\u00f3 m\u00f3dos\u00edt\u00e1s is l\u00e1tv\u00e1nyos eredm\u00e9nyt hoz.<\/p>\n\n\n\n<h2 class=\"wp-block-heading\">Nem vezetett fest\u00e9s, hanem szem\u00e9lyes seg\u00edts\u00e9g<\/h2>\n\n\n\n<p class=\"wp-block-paragraph\">Fontos tudni, hogy az \u00e9lm\u00e9nyfest\u00e9s <strong>nem klasszikus, k\u00f6zpontilag vezetett form\u00e1ban zajlik<\/strong>. Nem egy mintak\u00e9pet festek el\u00f6l, amit mindenkinek k\u00f6vetnie kellene.<\/p>\n\n\n\n<p class=\"wp-block-paragraph\">A fest\u00e9s alatt k\u00f6rbej\u00e1rva, <strong>egyedi instrukci\u00f3kkal seg\u00edtek<\/strong>, minden vend\u00e9g saj\u00e1t k\u00e9p\u00e9re reag\u00e1lva. \u00cdgy:<\/p>\n\n\n\n<ul class=\"wp-block-list\">\n<li>nem kell sietned,<\/li>\n\n\n\n<li>nem hasonl\u00edtgatod magad m\u00e1sokhoz,<\/li>\n\n\n\n<li>\u00e9s val\u00f3ban a saj\u00e1t alkot\u00e1sodra tudsz figyelni.<\/li>\n<\/ul>\n\n\n\n<h2 class=\"wp-block-heading\">\u00c9lm\u00e9nyfest\u00e9s Zugl\u00f3ban \u2013 alkot\u00e1s nyom\u00e1s n\u00e9lk\u00fcl<\/h2>\n\n\n\n<p class=\"wp-block-paragraph\">Ha olyan \u00e9lm\u00e9nyfest\u00e9st keresel Zugl\u00f3ban vagy a XVI. ker\u00fclet k\u00f6zel\u00e9ben, ahol:<\/p>\n\n\n\n<ul class=\"wp-block-list\">\n<li>szabadon v\u00e1laszthatsz t\u00e9m\u00e1t,<\/li>\n\n\n\n<li>saj\u00e1t \u00f6tletekkel dolgozhatsz,<\/li>\n\n\n\n<li>\u00e9s szem\u00e9lyes figyelmet kapsz,<\/li>\n<\/ul>\n\n\n\n<p class=\"wp-block-paragraph\">akkor j\u00f3 helyen j\u00e1rsz. Az \u00e9lm\u00e9nyfest\u00e9s itt nem teljes\u00edtm\u00e9ny, hanem <strong>felt\u00f6lt\u0151, alkot\u00f3 id\u0151<\/strong>, amib\u0151l egy val\u00f3ban hozz\u00e1d tartoz\u00f3 k\u00e9p sz\u00fcletik.<\/p>\n\n\n\n<p class=\"wp-block-paragraph\">&#x1f449; Az aktu\u00e1lis id\u0151pontokat \u00e9s v\u00e1laszthat\u00f3 t\u00e9m\u00e1kat az oldalon tal\u00e1lod.<\/p>\n\n\n                <div class=\"ml-embedded\" data-form=\"8nP0Qp\"><\/div>\n            \n\n\n\n<p class=\"wp-block-paragraph\"><\/p>\n","protected":false},"excerpt":{"rendered":"<p>Amikor nem sablonk\u00e9pet festesz Az \u00e9lm\u00e9nyfest\u00e9s sokak sz\u00e1m\u00e1ra m\u00e9g mindig egyenl\u0151 a l\u00e9p\u00e9sr\u0151l l\u00e9p\u00e9sre lem\u00e1solt mintak\u00e9pekkel. Az Anita Kreat\u00edv St\u00fadi\u00f3ban [&hellip;]<\/p>\n","protected":false},"author":1,"featured_media":0,"comment_status":"open","ping_status":"closed","sticky":false,"template":"","format":"standard","meta":{"site-sidebar-layout":"default","site-content-layout":"","ast-site-content-layout":"default","site-content-style":"default","site-sidebar-style":"default","ast-global-header-display":"","ast-banner-title-visibility":"","ast-main-header-display":"","ast-hfb-above-header-display":"","ast-hfb-below-header-display":"","ast-hfb-mobile-header-display":"","site-post-title":"disabled","ast-breadcrumbs-content":"","ast-featured-img":"","footer-sml-layout":"","ast-disable-related-posts":"","theme-transparent-header-meta":"","adv-header-id-meta":"","stick-header-meta":"","header-above-stick-meta":"","header-main-stick-meta":"","header-below-stick-meta":"","astra-migrate-meta-layouts":"default","ast-page-background-enabled":"default","ast-page-background-meta":{"desktop":{"background-color":"var(--ast-global-color-5)","background-image":"","background-repeat":"repeat","background-position":"center center","background-size":"auto","background-attachment":"scroll","background-type":"","background-media":"","overlay-type":"","overlay-color":"","overlay-opacity":"","overlay-gradient":""},"tablet":{"background-color":"","background-image":"","background-repeat":"repeat","background-position":"center center","background-size":"auto","background-attachment":"scroll","background-type":"","background-media":"","overlay-type":"","overlay-color":"","overlay-opacity":"","overlay-gradient":""},"mobile":{"background-color":"","background-image":"","background-repeat":"repeat","background-position":"center center","background-size":"auto","background-attachment":"scroll","background-type":"","background-media":"","overlay-type":"","overlay-color":"","overlay-opacity":"","overlay-gradient":""}},"ast-content-background-meta":{"desktop":{"background-color":"var(--ast-global-color-4)","background-image":"","background-repeat":"repeat","background-position":"center center","background-size":"auto","background-attachment":"scroll","background-type":"","background-media":"","overlay-type":"","overlay-color":"","overlay-opacity":"","overlay-gradient":""},"tablet":{"background-color":"var(--ast-global-color-4)","background-image":"","background-repeat":"repeat","background-position":"center center","background-size":"auto","background-attachment":"scroll","background-type":"","background-media":"","overlay-type":"","overlay-color":"","overlay-opacity":"","overlay-gradient":""},"mobile":{"background-color":"var(--ast-global-color-4)","background-image":"","background-repeat":"repeat","background-position":"center center","background-size":"auto","background-attachment":"scroll","background-type":"","background-media":"","overlay-type":"","overlay-color":"","overlay-opacity":"","overlay-gradient":""}},"footnotes":""},"categories":[1],"tags":[],"class_list":["post-333","post","type-post","status-publish","format-standard","hentry","category-uncategorized"],"_links":{"self":[{"href":"https:\/\/www.anitakreativstudio.hu\/index.php?rest_route=\/wp\/v2\/posts\/333","targetHints":{"allow":["GET"]}}],"collection":[{"href":"https:\/\/www.anitakreativstudio.hu\/index.php?rest_route=\/wp\/v2\/posts"}],"about":[{"href":"https:\/\/www.anitakreativstudio.hu\/index.php?rest_route=\/wp\/v2\/types\/post"}],"author":[{"embeddable":true,"href":"https:\/\/www.anitakreativstudio.hu\/index.php?rest_route=\/wp\/v2\/users\/1"}],"replies":[{"embeddable":true,"href":"https:\/\/www.anitakreativstudio.hu\/index.php?rest_route=%2Fwp%2Fv2%2Fcomments&post=333"}],"version-history":[{"count":2,"href":"https:\/\/www.anitakreativstudio.hu\/index.php?rest_route=\/wp\/v2\/posts\/333\/revisions"}],"predecessor-version":[{"id":434,"href":"https:\/\/www.anitakreativstudio.hu\/index.php?rest_route=\/wp\/v2\/posts\/333\/revisions\/434"}],"wp:attachment":[{"href":"https:\/\/www.anitakreativstudio.hu\/index.php?rest_route=%2Fwp%2Fv2%2Fmedia&parent=333"}],"wp:term":[{"taxonomy":"category","embeddable":true,"href":"https:\/\/www.anitakreativstudio.hu\/index.php?rest_route=%2Fwp%2Fv2%2Fcategories&post=333"},{"taxonomy":"post_tag","embeddable":true,"href":"https:\/\/www.anitakreativstudio.hu\/index.php?rest_route=%2Fwp%2Fv2%2Ftags&post=333"}],"curies":[{"name":"wp","href":"https:\/\/api.w.org\/{rel}","templated":true}]}}