{"id":393,"date":"2026-01-23T15:55:09","date_gmt":"2026-01-23T15:55:09","guid":{"rendered":"https:\/\/www.anitakreativstudio.hu\/?p=393"},"modified":"2026-04-29T09:10:31","modified_gmt":"2026-04-29T09:10:31","slug":"valentin-napi-elmenyfestes","status":"publish","type":"post","link":"https:\/\/www.anitakreativstudio.hu\/?p=393","title":{"rendered":"Valentin napi \u00e9lm\u00e9nyfest\u00e9s"},"content":{"rendered":"\n<figure class=\"wp-block-gallery has-nested-images columns-default is-cropped wp-block-gallery-1 is-layout-flex wp-block-gallery-is-layout-flex\">\n<figure class=\"wp-block-image size-large\"><img fetchpriority=\"high\" decoding=\"async\" width=\"667\" height=\"1024\" data-id=\"390\" src=\"https:\/\/www.anitakreativstudio.hu\/wp-content\/uploads\/2026\/01\/AISelect_20260122_151049_Samsung-Internet-667x1024.jpg\" alt=\"\" class=\"wp-image-390\" srcset=\"https:\/\/www.anitakreativstudio.hu\/wp-content\/uploads\/2026\/01\/AISelect_20260122_151049_Samsung-Internet-667x1024.jpg 667w, https:\/\/www.anitakreativstudio.hu\/wp-content\/uploads\/2026\/01\/AISelect_20260122_151049_Samsung-Internet-195x300.jpg 195w, https:\/\/www.anitakreativstudio.hu\/wp-content\/uploads\/2026\/01\/AISelect_20260122_151049_Samsung-Internet-768x1179.jpg 768w, https:\/\/www.anitakreativstudio.hu\/wp-content\/uploads\/2026\/01\/AISelect_20260122_151049_Samsung-Internet-500x768.jpg 500w, https:\/\/www.anitakreativstudio.hu\/wp-content\/uploads\/2026\/01\/AISelect_20260122_151049_Samsung-Internet-800x1229.jpg 800w, https:\/\/www.anitakreativstudio.hu\/wp-content\/uploads\/2026\/01\/AISelect_20260122_151049_Samsung-Internet.jpg 939w\" sizes=\"(max-width: 667px) 100vw, 667px\" \/><\/figure>\n\n\n\n<figure class=\"wp-block-image size-large\"><img decoding=\"async\" width=\"474\" height=\"842\" data-id=\"386\" src=\"https:\/\/www.anitakreativstudio.hu\/wp-content\/uploads\/2026\/01\/85f4d018a6d6648b444c6650f48fe984.jpg\" alt=\"\" class=\"wp-image-386\" srcset=\"https:\/\/www.anitakreativstudio.hu\/wp-content\/uploads\/2026\/01\/85f4d018a6d6648b444c6650f48fe984.jpg 474w, https:\/\/www.anitakreativstudio.hu\/wp-content\/uploads\/2026\/01\/85f4d018a6d6648b444c6650f48fe984-169x300.jpg 169w\" sizes=\"(max-width: 474px) 100vw, 474px\" \/><\/figure>\n<\/figure>\n\n\n\n<h2 class=\"wp-block-heading\">Valentin-napi \u00e9lm\u00e9nyfest\u00e9s p\u00e1roknak \u2013 romantikus alkot\u00e1s Budapesten<\/h2>\n\n\n\n<p class=\"wp-block-paragraph\">Ha id\u00e9n Valentin-napra <strong>nem t\u00e1rgyi aj\u00e1nd\u00e9kot<\/strong>, hanem val\u00f3di k\u00f6z\u00f6s \u00e9lm\u00e9nyt kerestek, a <strong>Valentin-napi p\u00e1ros \u00e9lm\u00e9nyfest\u00e9s<\/strong> t\u00f6k\u00e9letes v\u00e1laszt\u00e1s. Ez a k\u00fcl\u00f6nleges program kifejezetten <strong>p\u00e1roknak szervezett fest\u00e9s<\/strong>, ahol a hangs\u00faly a k\u00f6z\u00f6s alkot\u00e1son, a j\u00f3 hangulaton \u00e9s az eml\u00e9kezetes pillanatokon van.<\/p>\n\n\n\n<p class=\"wp-block-paragraph\">Az \u00e9lm\u00e9nyfest\u00e9s <strong>kezd\u0151knek is ide\u00e1lis<\/strong>, fest\u0151i el\u0151k\u00e9pzetts\u00e9g nem sz\u00fcks\u00e9ges. A c\u00e9l nem a t\u00f6k\u00e9letes technika, hanem az, hogy egy\u00fctt hozzatok l\u00e9tre egy olyan festm\u00e9nyt, ami k\u00e9s\u0151bb is eml\u00e9keztet a k\u00f6z\u00f6s Valentin-napra.<\/p>\n\n\n\n<h3 class=\"wp-block-heading\">Mi az a Valentin-napi p\u00e1ros \u00e9lm\u00e9nyfest\u00e9s?<\/h3>\n\n\n\n<p class=\"wp-block-paragraph\">A Valentin-napi \u00e9lm\u00e9nyfest\u00e9s egy <strong>3 \u00f3r\u00e1s, vezetett fest\u0151program<\/strong>, ahol minden p\u00e1r:<\/p>\n\n\n\n<ul class=\"wp-block-list\">\n<li><strong>saj\u00e1t 40\u00d750 cm-es v\u00e1sznat kap<\/strong><\/li>\n\n\n\n<li>a v\u00e1szon <strong>el\u0151rajzolva<\/strong> v\u00e1r benneteket, \u00edgy nem kell a rajzzal k\u00fczdeni<\/li>\n\n\n\n<li>l\u00e9p\u00e9sr\u0151l l\u00e9p\u00e9sre vezetett m\u00f3don fest<\/li>\n\n\n\n<li>egym\u00e1s mellett, m\u00e9gis saj\u00e1t k\u00e9pet alkotva vesz r\u00e9szt az \u00e9lm\u00e9nyben<\/li>\n<\/ul>\n\n\n\n<p class=\"wp-block-paragraph\">A hangulat vid\u00e1m, felszabadult \u00e9s romantikus. A fest\u00e9s k\u00f6zben <strong>koccinthattok pezsg\u0151vel, borral vagy alkoholmentes itallal<\/strong>, \u00edgy val\u00f3ban randi\u00e9lm\u00e9nny\u00e9 v\u00e1lik az alkot\u00e1s.<\/p>\n\n\n\n<h3 class=\"wp-block-heading\">V\u00e1laszthat\u00f3 Valentin-napi festm\u00e9ny t\u00e9m\u00e1k<\/h3>\n\n\n\n<p class=\"wp-block-paragraph\">A foglal\u00e1s sor\u00e1n <strong>5 romantikus festm\u00e9ny k\u00f6z\u00fcl v\u00e1laszthattok<\/strong>, amelyek mind kifejezetten p\u00e1ros \u00e9lm\u00e9nyfest\u00e9shez lettek \u00f6ssze\u00e1ll\u00edtva. Ezek a t\u00e9m\u00e1k k\u00f6nnyen festhet\u0151k, m\u00e9gis l\u00e1tv\u00e1nyos, \u00e9rzelmekkel teli k\u00e9pek sz\u00fcletnek bel\u0151l\u00fck.<\/p>\n\n\n\n<p class=\"wp-block-paragraph\"><strong>V\u00e1laszthat\u00f3 festm\u00e9nyek:<\/strong><\/p>\n\n\n\n<ol class=\"wp-block-list\">\n<li>Eiffel-torony el\u0151tt s\u00e9t\u00e1l\u00f3 p\u00e1r \u2013 klasszikus v\u00e1rosi romantika<\/li>\n\n\n\n<li>Tengerparton s\u00e9t\u00e1l\u00f3 p\u00e1r \u2013 nyugodt, term\u00e9szetk\u00f6zeli hangulat<\/li>\n\n\n\n<li>K\u00e9t sz\u00e1l r\u00f3zsa v\u00e1z\u00e1ban \u2013 id\u0151tlen, eleg\u00e1ns Valentin-mot\u00edvum fekete v\u00e1sznon<\/li>\n\n\n\n<li>Madarak fa\u00e1gon a hold el\u0151tt \u2013 \u00e1lomszer\u0171, l\u00edrai hangulat<\/li>\n\n\n\n<li>Fat\u00f6rzsbe v\u00e9sett sz\u00edv monogrammal, r\u00f3zsasz\u00edn lomb alatt \u2013 szem\u00e9lyes, \u00e9rzelmes eml\u00e9k<\/li>\n<\/ol>\n\n\n\n<p class=\"wp-block-paragraph\"><\/p>\n\n\n\n<h3 class=\"wp-block-heading\">Id\u0151pontok \u2013 Valentin-napi \u00e9lm\u00e9nyfest\u00e9s 2026<\/h3>\n\n\n\n<p class=\"wp-block-paragraph\">A Valentin-napi p\u00e1ros \u00e9lm\u00e9nyfest\u00e9s az al\u00e1bbi id\u0151pontokban \u00e9rhet\u0151 el:<\/p>\n\n\n\n<ul class=\"wp-block-list\">\n<li><strong>Febru\u00e1r 13. p\u00e9ntek: 18:00\u201321:00<\/strong><\/li>\n\n\n\n<li><strong>Febru\u00e1r 14. szombat: 10:00\u201313:00<\/strong><\/li>\n\n\n\n<li><strong>Febru\u00e1r 14. szombat: 15:00\u201318:00<\/strong><\/li>\n<\/ul>\n\n\n\n<p class=\"wp-block-paragraph\">Alkalmank\u00e9nt <strong>maximum 3 p\u00e1r<\/strong> vehet r\u00e9szt, hogy a fest\u00e9s nyugodt, intim \u00e9s stresszmentes maradjon.<\/p>\n\n\n\n<h3 class=\"wp-block-heading\">\u00c1r \u00e9s tartalom<\/h3>\n\n\n\n<p class=\"wp-block-paragraph\"><strong>\u00c1r: 28 000 Ft \/ p\u00e1r<\/strong><\/p>\n\n\n\n<p class=\"wp-block-paragraph\">Az \u00e1r tartalmazza:<\/p>\n\n\n\n<ul class=\"wp-block-list\">\n<li>1 db 40\u00d750 cm-es el\u0151rajzolt v\u00e1sznat<\/li>\n\n\n\n<li>minden fest\u0151eszk\u00f6zt \u00e9s alapanyagot<\/li>\n\n\n\n<li>pezsg\u0151t, bort vagy alkoholmentes pezsg\u0151t a koccint\u00e1shoz<\/li>\n<\/ul>\n\n\n\n<h3 class=\"wp-block-heading\">Hogyan m\u0171k\u00f6dik a foglal\u00e1s?<\/h3>\n\n\n\n<p class=\"wp-block-paragraph\">A foglal\u00e1s sor\u00e1n elk\u00e9rem a <strong>telefonsz\u00e1motokat<\/strong>, \u00e9s a jelentkez\u00e9s ut\u00e1n <strong>felh\u00edvlak benneteket<\/strong>, hogy minden r\u00e9szletet egyeztess\u00fcnk:<\/p>\n\n\n\n<ul class=\"wp-block-list\">\n<li>melyik festm\u00e9nyt v\u00e1lasztj\u00e1tok<\/li>\n\n\n\n<li>milyen fizet\u00e9si m\u00f3dot szeretn\u00e9tek<\/li>\n\n\n\n<li>milyen itallal koccintan\u00e1tok a fest\u00e9s k\u00f6zben<\/li>\n<\/ul>\n\n\n\n<p class=\"wp-block-paragraph\">Ez a szem\u00e9lyes egyeztet\u00e9s biztos\u00edtja, hogy az \u00e9lm\u00e9ny val\u00f3ban r\u00e1tok legyen szabva, \u00e9s minden g\u00f6rd\u00fcl\u00e9kenyen menjen a Valentin-napon.<\/p>\n\n\n\n<h3 class=\"wp-block-heading\">Mi\u00e9rt ide\u00e1lis Valentin-napi program p\u00e1roknak?<\/h3>\n\n\n\n<ul class=\"wp-block-list\">\n<li>romantikus, m\u00e9gis laza \u00e9s vid\u00e1m<\/li>\n\n\n\n<li>k\u00f6z\u00f6s \u00e9lm\u00e9ny, ami val\u00f3di eml\u00e9kk\u00e9 v\u00e1lik<\/li>\n\n\n\n<li>nem ig\u00e9nyel fest\u00e9szeti tud\u00e1st<\/li>\n\n\n\n<li>kis l\u00e9tsz\u00e1m\u00fa, figyelmes vezet\u00e9s<\/li>\n\n\n\n<li>egyedi Valentin-napi aj\u00e1nd\u00e9k \u00e9lm\u00e9ny form\u00e1j\u00e1ban<\/li>\n<\/ul>\n\n\n\n<p class=\"wp-block-paragraph\">Ha egy igaz\u00e1n k\u00fcl\u00f6nleges <strong>Valentin-napi programot Budapesten<\/strong>, kreat\u00edv randit vagy p\u00e1ros \u00e9lm\u00e9nyfest\u00e9st kerestek, ez az alkalom nektek sz\u00f3l.<\/p>\n\n\n\n<p class=\"wp-block-paragraph\">A helyek sz\u00e1ma korl\u00e1tozott, ez\u00e9rt \u00e9rdemes id\u0151ben foglalni.<\/p>\n","protected":false},"excerpt":{"rendered":"<p>Valentin-napi \u00e9lm\u00e9nyfest\u00e9s p\u00e1roknak \u2013 romantikus alkot\u00e1s Budapesten Ha id\u00e9n Valentin-napra nem t\u00e1rgyi aj\u00e1nd\u00e9kot, hanem val\u00f3di k\u00f6z\u00f6s \u00e9lm\u00e9nyt kerestek, a Valentin-napi [&hellip;]<\/p>\n","protected":false},"author":1,"featured_media":0,"comment_status":"open","ping_status":"closed","sticky":false,"template":"","format":"standard","meta":{"site-sidebar-layout":"default","site-content-layout":"","ast-site-content-layout":"default","site-content-style":"default","site-sidebar-style":"default","ast-global-header-display":"","ast-banner-title-visibility":"","ast-main-header-display":"","ast-hfb-above-header-display":"","ast-hfb-below-header-display":"","ast-hfb-mobile-header-display":"","site-post-title":"disabled","ast-breadcrumbs-content":"","ast-featured-img":"","footer-sml-layout":"","ast-disable-related-posts":"","theme-transparent-header-meta":"","adv-header-id-meta":"","stick-header-meta":"","header-above-stick-meta":"","header-main-stick-meta":"","header-below-stick-meta":"","astra-migrate-meta-layouts":"default","ast-page-background-enabled":"default","ast-page-background-meta":{"desktop":{"background-color":"var(--ast-global-color-5)","background-image":"","background-repeat":"repeat","background-position":"center center","background-size":"auto","background-attachment":"scroll","background-type":"","background-media":"","overlay-type":"","overlay-color":"","overlay-opacity":"","overlay-gradient":""},"tablet":{"background-color":"","background-image":"","background-repeat":"repeat","background-position":"center center","background-size":"auto","background-attachment":"scroll","background-type":"","background-media":"","overlay-type":"","overlay-color":"","overlay-opacity":"","overlay-gradient":""},"mobile":{"background-color":"","background-image":"","background-repeat":"repeat","background-position":"center center","background-size":"auto","background-attachment":"scroll","background-type":"","background-media":"","overlay-type":"","overlay-color":"","overlay-opacity":"","overlay-gradient":""}},"ast-content-background-meta":{"desktop":{"background-color":"var(--ast-global-color-4)","background-image":"","background-repeat":"repeat","background-position":"center center","background-size":"auto","background-attachment":"scroll","background-type":"","background-media":"","overlay-type":"","overlay-color":"","overlay-opacity":"","overlay-gradient":""},"tablet":{"background-color":"var(--ast-global-color-4)","background-image":"","background-repeat":"repeat","background-position":"center center","background-size":"auto","background-attachment":"scroll","background-type":"","background-media":"","overlay-type":"","overlay-color":"","overlay-opacity":"","overlay-gradient":""},"mobile":{"background-color":"var(--ast-global-color-4)","background-image":"","background-repeat":"repeat","background-position":"center center","background-size":"auto","background-attachment":"scroll","background-type":"","background-media":"","overlay-type":"","overlay-color":"","overlay-opacity":"","overlay-gradient":""}},"footnotes":""},"categories":[5,1],"tags":[],"class_list":["post-393","post","type-post","status-publish","format-standard","hentry","category-ajanlott-kepek-elmenyfestes","category-uncategorized"],"_links":{"self":[{"href":"https:\/\/www.anitakreativstudio.hu\/index.php?rest_route=\/wp\/v2\/posts\/393","targetHints":{"allow":["GET"]}}],"collection":[{"href":"https:\/\/www.anitakreativstudio.hu\/index.php?rest_route=\/wp\/v2\/posts"}],"about":[{"href":"https:\/\/www.anitakreativstudio.hu\/index.php?rest_route=\/wp\/v2\/types\/post"}],"author":[{"embeddable":true,"href":"https:\/\/www.anitakreativstudio.hu\/index.php?rest_route=\/wp\/v2\/users\/1"}],"replies":[{"embeddable":true,"href":"https:\/\/www.anitakreativstudio.hu\/index.php?rest_route=%2Fwp%2Fv2%2Fcomments&post=393"}],"version-history":[{"count":2,"href":"https:\/\/www.anitakreativstudio.hu\/index.php?rest_route=\/wp\/v2\/posts\/393\/revisions"}],"predecessor-version":[{"id":516,"href":"https:\/\/www.anitakreativstudio.hu\/index.php?rest_route=\/wp\/v2\/posts\/393\/revisions\/516"}],"wp:attachment":[{"href":"https:\/\/www.anitakreativstudio.hu\/index.php?rest_route=%2Fwp%2Fv2%2Fmedia&parent=393"}],"wp:term":[{"taxonomy":"category","embeddable":true,"href":"https:\/\/www.anitakreativstudio.hu\/index.php?rest_route=%2Fwp%2Fv2%2Fcategories&post=393"},{"taxonomy":"post_tag","embeddable":true,"href":"https:\/\/www.anitakreativstudio.hu\/index.php?rest_route=%2Fwp%2Fv2%2Ftags&post=393"}],"curies":[{"name":"wp","href":"https:\/\/api.w.org\/{rel}","templated":true}]}}