{"id":461,"date":"2026-03-31T14:05:23","date_gmt":"2026-03-31T14:05:23","guid":{"rendered":"https:\/\/www.anitakreativstudio.hu\/?p=461"},"modified":"2026-03-31T14:05:28","modified_gmt":"2026-03-31T14:05:28","slug":"%f0%9f%8e%a8-szulo-gyerek-elmenyfestes-budapesten-kozos-alkotas-kozos-elmeny","status":"publish","type":"post","link":"https:\/\/www.anitakreativstudio.hu\/?p=461","title":{"rendered":"&#x1f3a8; Sz\u00fcl\u0151\u2013gyerek \u00e9lm\u00e9nyfest\u00e9s Budapesten \u2013 k\u00f6z\u00f6s alkot\u00e1s, k\u00f6z\u00f6s \u00e9lm\u00e9ny"},"content":{"rendered":"\n<p class=\"wp-block-paragraph\">A rohan\u00f3 h\u00e9tk\u00f6znapokban egyre nehezebb val\u00f3di, min\u0151s\u00e9gi id\u0151t t\u00f6lteni a gyerekekkel. A <strong>sz\u00fcl\u0151\u2013gyerek \u00e9lm\u00e9nyfest\u00e9s<\/strong> egy olyan k\u00fcl\u00f6nleges program, ahol a k\u00f6z\u00f6s alkot\u00e1s \u00f6r\u00f6me ker\u00fcl a k\u00f6z\u00e9ppontba. Nem csak egy kreat\u00edv foglalkoz\u00e1s, hanem egy <strong>eml\u00e9kezetes csal\u00e1di \u00e9lm\u00e9ny<\/strong>, amit sok\u00e1ig magatokkal visztek.<\/p>\n\n\n\n<p class=\"wp-block-paragraph\">A <strong>csal\u00e1di \u00e9lm\u00e9nyfest\u00e9s<\/strong> egy vezetett fest\u0151program, ahol sz\u00fcl\u0151k \u00e9s gyerekek egy\u00fctt k\u00e9sz\u00edtenek festm\u00e9nyeket. Nem sz\u00fcks\u00e9ges semmilyen el\u0151k\u00e9pzetts\u00e9g \u2013 a hangs\u00faly nem a t\u00f6k\u00e9letes v\u00e9geredm\u00e9nyen, hanem a <strong>k\u00f6z\u00f6s \u00e9lm\u00e9nyen \u00e9s az alkot\u00e1s szabads\u00e1g\u00e1n<\/strong> van.<\/p>\n\n\n\n<p class=\"wp-block-paragraph\">A program sor\u00e1n:<\/p>\n\n\n\n<ul class=\"wp-block-list\">\n<li>l\u00e9p\u00e9sr\u0151l l\u00e9p\u00e9sre haladtok<\/li>\n\n\n\n<li>minden eszk\u00f6zt biztos\u00edtok<\/li>\n\n\n\n<li>mindenki saj\u00e1t k\u00e9pet k\u00e9sz\u00edt<\/li>\n\n\n\n<li>m\u00e9gis egy\u00fctt \u00e9litek meg a folyamatot<\/li>\n<\/ul>\n\n\n\n<h2 class=\"wp-block-heading\">&#x1f3af; Mi\u00e9rt j\u00f3 a sz\u00fcl\u0151\u2013gyerek fest\u00e9s?<\/h2>\n\n\n\n<p class=\"wp-block-paragraph\">A <strong>sz\u00fcl\u0151\u2013gyerek programok<\/strong> k\u00f6z\u00fcl ez az egyik legintimebb \u00e9s legnyugodtabb forma.<\/p>\n\n\n\n<h3 class=\"wp-block-heading\">El\u0151nyei:<\/h3>\n\n\n\n<ul class=\"wp-block-list\">\n<li>&#x2705; min\u0151s\u00e9gi k\u00f6z\u00f6s id\u0151<\/li>\n\n\n\n<li>&#x2705; kreativit\u00e1s fejleszt\u00e9se<\/li>\n\n\n\n<li>&#x2705; stresszold\u00e1s sz\u00fcl\u0151knek \u00e9s gyerekeknek<\/li>\n\n\n\n<li>&#x2705; siker\u00e9lm\u00e9ny minden r\u00e9sztvev\u0151nek<\/li>\n\n\n\n<li>&#x2705; offline, k\u00e9perny\u0151mentes egy\u00fcttl\u00e9t<\/li>\n<\/ul>\n\n\n\n<p class=\"wp-block-paragraph\">A k\u00f6z\u00f6s fest\u00e9s sor\u00e1n gyakran olyan besz\u00e9lget\u00e9sek sz\u00fcletnek, amikre a h\u00e9tk\u00f6znapokban nincs t\u00e9r.<\/p>\n\n\n\n<p class=\"wp-block-paragraph\">A <strong>csal\u00e1di \u00e9lm\u00e9nyfest\u00e9s Budapesten<\/strong> ide\u00e1lis:<\/p>\n\n\n\n<ul class=\"wp-block-list\">\n<li>6\u201314 \u00e9ves gyerekekkel<\/li>\n\n\n\n<li>sz\u00fcl\u0151knek, akik min\u0151s\u00e9gi id\u0151t keresnek<\/li>\n\n\n\n<li>anya\u2013l\u00e1nya vagy apa\u2013fia programk\u00e9nt<\/li>\n\n\n\n<li>sz\u00fclet\u00e9snapi \u00e9lm\u00e9nynek<\/li>\n\n\n\n<li>h\u00e9tv\u00e9gi k\u00f6z\u00f6s kikapcsol\u00f3d\u00e1snak<\/li>\n<\/ul>\n\n\n\n<h2 class=\"wp-block-heading\">&#x1f58c;&#xfe0f; Hogyan zajlik egy \u00e9lm\u00e9nyfest\u00e9s?<\/h2>\n\n\n\n<p class=\"wp-block-paragraph\">A program \u00e1ltal\u00e1ban 2\u20133 \u00f3r\u00e1s, \u00e9s teljesen kezd\u0151bar\u00e1t.<\/p>\n\n\n\n<p class=\"wp-block-paragraph\">L\u00e9p\u00e9sek:<\/p>\n\n\n\n<ol class=\"wp-block-list\">\n<li>R\u00f6vid r\u00e1hangol\u00f3d\u00e1s<\/li>\n\n\n\n<li>Alapform\u00e1k felrajzol\u00e1sa<\/li>\n\n\n\n<li>Fest\u00e9s vezetett seg\u00edts\u00e9ggel<\/li>\n\n\n\n<li>Saj\u00e1t st\u00edlus hozz\u00e1ad\u00e1sa<\/li>\n\n\n\n<li>K\u00e9sz festm\u00e9ny hazavitele<\/li>\n<\/ol>\n\n\n\n<p class=\"wp-block-paragraph\">A v\u00e9g\u00e9n mindenki egy saj\u00e1t k\u00e9ppel t\u00e9r haza \u2013 ez lesz a k\u00f6z\u00f6s \u00e9lm\u00e9ny k\u00e9zzelfoghat\u00f3 eml\u00e9ke.<\/p>\n\n\n\n<h2 class=\"wp-block-heading\">&#x1f39f;&#xfe0f; Jelentkez\u00e9s sz\u00fcl\u0151\u2013gyerek \u00e9lm\u00e9nyfest\u00e9sre<\/h2>\n\n\n\n<p class=\"wp-block-paragraph\">Ha szeretn\u00e9l egy nyugodt, kreat\u00edv, m\u00e9gis k\u00fcl\u00f6nleges k\u00f6z\u00f6s programot:<\/p>\n\n\n\n<p class=\"wp-block-paragraph\">&#x1f449; Foglald le a helyeteket az aktu\u00e1lis <a href=\"https:\/\/www.anitakreativstudio.hu\/?page_id=79\">id\u0151pontokra a weboldalon<\/a> vagy <a href=\"https:\/\/www.facebook.com\/diyartyme\">\u00edrj \u00fczenetet a Facebook oldalam<\/a>on kereszt\u00fcl.<\/p>\n\n\n\n<p class=\"wp-block-paragraph\">Ez nem csak egy program lesz.<br>Hanem egy k\u00f6z\u00f6s eml\u00e9k.<\/p>\n","protected":false},"excerpt":{"rendered":"<p>A rohan\u00f3 h\u00e9tk\u00f6znapokban egyre nehezebb val\u00f3di, min\u0151s\u00e9gi id\u0151t t\u00f6lteni a gyerekekkel. A sz\u00fcl\u0151\u2013gyerek \u00e9lm\u00e9nyfest\u00e9s egy olyan k\u00fcl\u00f6nleges program, ahol a [&hellip;]<\/p>\n","protected":false},"author":1,"featured_media":0,"comment_status":"open","ping_status":"closed","sticky":false,"template":"","format":"standard","meta":{"site-sidebar-layout":"default","site-content-layout":"","ast-site-content-layout":"default","site-content-style":"default","site-sidebar-style":"default","ast-global-header-display":"","ast-banner-title-visibility":"","ast-main-header-display":"","ast-hfb-above-header-display":"","ast-hfb-below-header-display":"","ast-hfb-mobile-header-display":"","site-post-title":"","ast-breadcrumbs-content":"","ast-featured-img":"","footer-sml-layout":"","ast-disable-related-posts":"","theme-transparent-header-meta":"","adv-header-id-meta":"","stick-header-meta":"","header-above-stick-meta":"","header-main-stick-meta":"","header-below-stick-meta":"","astra-migrate-meta-layouts":"default","ast-page-background-enabled":"default","ast-page-background-meta":{"desktop":{"background-color":"var(--ast-global-color-5)","background-image":"","background-repeat":"repeat","background-position":"center center","background-size":"auto","background-attachment":"scroll","background-type":"","background-media":"","overlay-type":"","overlay-color":"","overlay-opacity":"","overlay-gradient":""},"tablet":{"background-color":"","background-image":"","background-repeat":"repeat","background-position":"center center","background-size":"auto","background-attachment":"scroll","background-type":"","background-media":"","overlay-type":"","overlay-color":"","overlay-opacity":"","overlay-gradient":""},"mobile":{"background-color":"","background-image":"","background-repeat":"repeat","background-position":"center center","background-size":"auto","background-attachment":"scroll","background-type":"","background-media":"","overlay-type":"","overlay-color":"","overlay-opacity":"","overlay-gradient":""}},"ast-content-background-meta":{"desktop":{"background-color":"var(--ast-global-color-4)","background-image":"","background-repeat":"repeat","background-position":"center center","background-size":"auto","background-attachment":"scroll","background-type":"","background-media":"","overlay-type":"","overlay-color":"","overlay-opacity":"","overlay-gradient":""},"tablet":{"background-color":"var(--ast-global-color-4)","background-image":"","background-repeat":"repeat","background-position":"center center","background-size":"auto","background-attachment":"scroll","background-type":"","background-media":"","overlay-type":"","overlay-color":"","overlay-opacity":"","overlay-gradient":""},"mobile":{"background-color":"var(--ast-global-color-4)","background-image":"","background-repeat":"repeat","background-position":"center center","background-size":"auto","background-attachment":"scroll","background-type":"","background-media":"","overlay-type":"","overlay-color":"","overlay-opacity":"","overlay-gradient":""}},"footnotes":""},"categories":[1],"tags":[],"class_list":["post-461","post","type-post","status-publish","format-standard","hentry","category-uncategorized"],"_links":{"self":[{"href":"https:\/\/www.anitakreativstudio.hu\/index.php?rest_route=\/wp\/v2\/posts\/461","targetHints":{"allow":["GET"]}}],"collection":[{"href":"https:\/\/www.anitakreativstudio.hu\/index.php?rest_route=\/wp\/v2\/posts"}],"about":[{"href":"https:\/\/www.anitakreativstudio.hu\/index.php?rest_route=\/wp\/v2\/types\/post"}],"author":[{"embeddable":true,"href":"https:\/\/www.anitakreativstudio.hu\/index.php?rest_route=\/wp\/v2\/users\/1"}],"replies":[{"embeddable":true,"href":"https:\/\/www.anitakreativstudio.hu\/index.php?rest_route=%2Fwp%2Fv2%2Fcomments&post=461"}],"version-history":[{"count":1,"href":"https:\/\/www.anitakreativstudio.hu\/index.php?rest_route=\/wp\/v2\/posts\/461\/revisions"}],"predecessor-version":[{"id":462,"href":"https:\/\/www.anitakreativstudio.hu\/index.php?rest_route=\/wp\/v2\/posts\/461\/revisions\/462"}],"wp:attachment":[{"href":"https:\/\/www.anitakreativstudio.hu\/index.php?rest_route=%2Fwp%2Fv2%2Fmedia&parent=461"}],"wp:term":[{"taxonomy":"category","embeddable":true,"href":"https:\/\/www.anitakreativstudio.hu\/index.php?rest_route=%2Fwp%2Fv2%2Fcategories&post=461"},{"taxonomy":"post_tag","embeddable":true,"href":"https:\/\/www.anitakreativstudio.hu\/index.php?rest_route=%2Fwp%2Fv2%2Ftags&post=461"}],"curies":[{"name":"wp","href":"https:\/\/api.w.org\/{rel}","templated":true}]}}